{"id":10455,"date":"2026-08-30T11:10:37","date_gmt":"2026-08-30T11:10:37","guid":{"rendered":"https:\/\/pawel.stefanoff.pl\/bugs\/?p=10455"},"modified":"2026-09-02T18:04:41","modified_gmt":"2026-09-02T18:04:41","slug":"2026-08-meeting-the-rufous-grasshopper-pl","status":"publish","type":"post","link":"https:\/\/pawel.stefanoff.pl\/bugs\/pl\/posts\/2026-08-meeting-the-rufous-grasshopper-pl\/","title":{"rendered":"Bia\u0142e ko\u0144c\u00f3wki czu\u0142k\u00f3w i 15-minutowe serenady: Mu\u0142ek bu\u0142awkowaty"},"content":{"rendered":"\n<p class=\"wp-block-paragraph\">Niezwykle charakterystyczny i urokliwy, mu\u0142ek bu\u0142awkowaty (<em>Gomphocerippus rufus<\/em>) jest \u0142atwy do rozpoznania dzi\u0119ki wyj\u0105tkowym, pa\u0142eczkowatym czu\u0142kom zwie\u0144czonym bia\u0142ymi ko\u0144c\u00f3wkami. Osi\u0105gaj\u0105c od 14 do 22 milimetr\u00f3w d\u0142ugo\u015bci, owady te przybieraj\u0105 barwy od szarobr\u0105zowych po rudawe, przy czym dojrza\u0142e samce pyszni\u0105 si\u0119 jaskrawo pomara\u0144czowo-czerwonym zako\u0144czeniem odw\u0142oka. Podczas gdy wiele gatunk\u00f3w konik\u00f3w polnych znika wraz z ko\u0144cem lata, mu\u0142ek bu\u0142awkowatyy jest aktywny a\u017c do p\u00f3\u017anej jesieni, radz\u0105c sobie \u015bwietnie a\u017c do pierwszych silniejszych mroz\u00f3w. Samce s\u0142yn\u0105 ze swoich d\u0142ugich zalot\u00f3w \u2013 wykonuj\u0105 cich\u0105, brz\u0119cz\u0105c\u0105 serenad\u0119 po\u0142\u0105czon\u0105 z widowiskowym ta\u0144cem, kt\u00f3ry potrafi trwa\u0107 nawet 15 minut! Samice sk\u0142adaj\u0105 pakiety jaj do gleby i k\u0119p traw, gdzie w u\u015bpieniu bezpiecznie przeczekuj\u0105 zim\u0119. Uwielbiaj\u0105 ciep\u0142e, nas\u0142onecznione \u0142\u0105ki i skraje las\u00f3w. Na tego urodziwego samca natrafi\u0142em podczas spaceru po rozleg\u0142ej \u0142\u0105ce w pobli\u017cu Akalla w Szwecji!<\/p>\n","protected":false},"excerpt":{"rendered":"<p>Niezwykle charakterystyczny i urokliwy, mu\u0142ek bu\u0142awkowaty (Gomphocerippus rufus) jest \u0142atwy do rozpoznania dzi\u0119ki wyj\u0105tkowym, pa\u0142eczkowatym czu\u0142kom zwie\u0144czonym bia\u0142ymi ko\u0144c\u00f3wkami. Osi\u0105gaj\u0105c [&hellip;]<\/p>\n","protected":false},"author":2,"featured_media":10450,"comment_status":"open","ping_status":"open","sticky":false,"template":"","format":"standard","meta":{"site-sidebar-layout":"default","site-content-layout":"","ast-site-content-layout":"default","site-content-style":"default","site-sidebar-style":"default","ast-global-header-display":"","ast-banner-title-visibility":"","ast-main-header-display":"","ast-hfb-above-header-display":"","ast-hfb-below-header-display":"","ast-hfb-mobile-header-display":"","site-post-title":"","ast-breadcrumbs-content":"","ast-featured-img":"","footer-sml-layout":"","ast-disable-related-posts":"","theme-transparent-header-meta":"","adv-header-id-meta":"","stick-header-meta":"","header-above-stick-meta":"","header-main-stick-meta":"","header-below-stick-meta":"","astra-migrate-meta-layouts":"default","ast-page-background-enabled":"default","ast-page-background-meta":{"desktop":{"background-color":"var(--ast-global-color-5)","background-image":"","background-repeat":"repeat","background-position":"center center","background-size":"auto","background-attachment":"scroll","background-type":"","background-media":"","overlay-type":"","overlay-color":"","overlay-opacity":"","overlay-gradient":""},"tablet":{"background-color":"","background-image":"","background-repeat":"repeat","background-position":"center center","background-size":"auto","background-attachment":"scroll","background-type":"","background-media":"","overlay-type":"","overlay-color":"","overlay-opacity":"","overlay-gradient":""},"mobile":{"background-color":"","background-image":"","background-repeat":"repeat","background-position":"center center","background-size":"auto","background-attachment":"scroll","background-type":"","background-media":"","overlay-type":"","overlay-color":"","overlay-opacity":"","overlay-gradient":""}},"ast-content-background-meta":{"desktop":{"background-color":"var(--ast-global-color-4)","background-image":"","background-repeat":"repeat","background-position":"center center","background-size":"auto","background-attachment":"scroll","background-type":"","background-media":"","overlay-type":"","overlay-color":"","overlay-opacity":"","overlay-gradient":""},"tablet":{"background-color":"var(--ast-global-color-4)","background-image":"","background-repeat":"repeat","background-position":"center center","background-size":"auto","background-attachment":"scroll","background-type":"","background-media":"","overlay-type":"","overlay-color":"","overlay-opacity":"","overlay-gradient":""},"mobile":{"background-color":"var(--ast-global-color-4)","background-image":"","background-repeat":"repeat","background-position":"center center","background-size":"auto","background-attachment":"scroll","background-type":"","background-media":"","overlay-type":"","overlay-color":"","overlay-opacity":"","overlay-gradient":""}},"footnotes":""},"categories":[10],"tags":[],"countries":[252,268],"order-category":[159,879,899],"class_list":["post-10455","post","type-post","status-publish","format-standard","has-post-thumbnail","hentry","category-fitofagi-roslinozercy","countries-europe-pl","countries-szwecja","order-category-owady","order-category-owady-prostoskrzydle","order-category-owady-prostoskrzydle-szaranczowate"],"_links":{"self":[{"href":"https:\/\/pawel.stefanoff.pl\/bugs\/wp-json\/wp\/v2\/posts\/10455","targetHints":{"allow":["GET"]}}],"collection":[{"href":"https:\/\/pawel.stefanoff.pl\/bugs\/wp-json\/wp\/v2\/posts"}],"about":[{"href":"https:\/\/pawel.stefanoff.pl\/bugs\/wp-json\/wp\/v2\/types\/post"}],"author":[{"embeddable":true,"href":"https:\/\/pawel.stefanoff.pl\/bugs\/wp-json\/wp\/v2\/users\/2"}],"replies":[{"embeddable":true,"href":"https:\/\/pawel.stefanoff.pl\/bugs\/wp-json\/wp\/v2\/comments?post=10455"}],"version-history":[{"count":1,"href":"https:\/\/pawel.stefanoff.pl\/bugs\/wp-json\/wp\/v2\/posts\/10455\/revisions"}],"predecessor-version":[{"id":10460,"href":"https:\/\/pawel.stefanoff.pl\/bugs\/wp-json\/wp\/v2\/posts\/10455\/revisions\/10460"}],"wp:featuredmedia":[{"embeddable":true,"href":"https:\/\/pawel.stefanoff.pl\/bugs\/wp-json\/wp\/v2\/media\/10450"}],"wp:attachment":[{"href":"https:\/\/pawel.stefanoff.pl\/bugs\/wp-json\/wp\/v2\/media?parent=10455"}],"wp:term":[{"taxonomy":"category","embeddable":true,"href":"https:\/\/pawel.stefanoff.pl\/bugs\/wp-json\/wp\/v2\/categories?post=10455"},{"taxonomy":"post_tag","embeddable":true,"href":"https:\/\/pawel.stefanoff.pl\/bugs\/wp-json\/wp\/v2\/tags?post=10455"},{"taxonomy":"countries","embeddable":true,"href":"https:\/\/pawel.stefanoff.pl\/bugs\/wp-json\/wp\/v2\/countries?post=10455"},{"taxonomy":"order-category","embeddable":true,"href":"https:\/\/pawel.stefanoff.pl\/bugs\/wp-json\/wp\/v2\/order-category?post=10455"}],"curies":[{"name":"wp","href":"https:\/\/api.w.org\/{rel}","templated":true}]}}