{"id":10574,"date":"2026-08-30T13:00:01","date_gmt":"2026-08-30T13:00:01","guid":{"rendered":"https:\/\/pawel.stefanoff.pl\/bugs\/?p=10574"},"modified":"2026-09-02T18:56:58","modified_gmt":"2026-09-02T18:56:58","slug":"2026-08-the-flightless-dark-bush-cricket-pl","status":"publish","type":"post","link":"https:\/\/pawel.stefanoff.pl\/bugs\/pl\/posts\/2026-08-the-flightless-dark-bush-cricket-pl\/","title":{"rendered":"Nielotni stra\u017cnicy i g\u0142o\u015bne \u0107wierkanie: Podkrzewin szary na szwedzkiej \u0142\u0105ce"},"content":{"rendered":"\n<p class=\"wp-block-paragraph\">Ubrany w ciemnobr\u0105zowe i rudawe barwy z kontrastuj\u0105cym, jaskrawo \u017c\u00f3\u0142to-zielonym brzuszkiem, podkrzewin szary (<em>Pholidoptera griseoaptera<\/em>) to kr\u0119py, nielotny mieszka\u0144ca g\u0119stych zaro\u015bli. Osi\u0105gaj\u0105c od 11 do 21 milimetr\u00f3w d\u0142ugo\u015bci, wyr\u00f3\u017cnia si\u0119 wyj\u0105tkowo d\u0142ugimi czu\u0142kami oraz zredukowanymi skrzyde\u0142kami, kt\u00f3re zupe\u0142nie nie nadaj\u0105 si\u0119 do latania! Brak zdolno\u015bci lotu rekompensuje walecznym charakterem. Samce s\u0105 wyj\u0105tkowo terytorialne \u2013 czujnie strzeg\u0105 swoich ga\u0142\u0105zek je\u017cyn i pokrzyw, odp\u0119dzaj\u0105c rywali i wydaj\u0105c g\u0142o\u015bne, kr\u00f3tkie cykni\u0119cia w dzie\u0144 i w nocy. Ten wszechstronny \u017cywieniowo owad ch\u0119tnie podjada zar\u00f3wno li\u015bcie, jak i drobne owady, np. mszyce. Ich cykl \u017cyciowy skrywa niezwyk\u0142\u0105 tajemnic\u0119: znoszone w pr\u00f3chniej\u0105cym drewnie jaja dojrzewaj\u0105 a\u017c dwa lata, przez co kolejne pokolenia nigdy si\u0119 ze sob\u0105 nie spotykaj\u0105! Na obrze\u017cach Akalla w Szwecji natrafi\u0142em na grup\u0119 samc\u00f3w tkwi\u0105cych w ca\u0142kowitym bezruchu, nieust\u0119pliwie pilnuj\u0105cych swoich ma\u0142ych, s\u0142onecznych kr\u00f3lestw!<\/p>\n","protected":false},"excerpt":{"rendered":"<p>Ubrany w ciemnobr\u0105zowe i rudawe barwy z kontrastuj\u0105cym, jaskrawo \u017c\u00f3\u0142to-zielonym brzuszkiem, podkrzewin szary (Pholidoptera griseoaptera) to kr\u0119py, nielotny mieszka\u0144ca g\u0119stych [&hellip;]<\/p>\n","protected":false},"author":2,"featured_media":10570,"comment_status":"open","ping_status":"open","sticky":false,"template":"","format":"standard","meta":{"site-sidebar-layout":"default","site-content-layout":"","ast-site-content-layout":"default","site-content-style":"default","site-sidebar-style":"default","ast-global-header-display":"","ast-banner-title-visibility":"","ast-main-header-display":"","ast-hfb-above-header-display":"","ast-hfb-below-header-display":"","ast-hfb-mobile-header-display":"","site-post-title":"","ast-breadcrumbs-content":"","ast-featured-img":"","footer-sml-layout":"","ast-disable-related-posts":"","theme-transparent-header-meta":"","adv-header-id-meta":"","stick-header-meta":"","header-above-stick-meta":"","header-main-stick-meta":"","header-below-stick-meta":"","astra-migrate-meta-layouts":"default","ast-page-background-enabled":"default","ast-page-background-meta":{"desktop":{"background-color":"var(--ast-global-color-5)","background-image":"","background-repeat":"repeat","background-position":"center center","background-size":"auto","background-attachment":"scroll","background-type":"","background-media":"","overlay-type":"","overlay-color":"","overlay-opacity":"","overlay-gradient":""},"tablet":{"background-color":"","background-image":"","background-repeat":"repeat","background-position":"center center","background-size":"auto","background-attachment":"scroll","background-type":"","background-media":"","overlay-type":"","overlay-color":"","overlay-opacity":"","overlay-gradient":""},"mobile":{"background-color":"","background-image":"","background-repeat":"repeat","background-position":"center center","background-size":"auto","background-attachment":"scroll","background-type":"","background-media":"","overlay-type":"","overlay-color":"","overlay-opacity":"","overlay-gradient":""}},"ast-content-background-meta":{"desktop":{"background-color":"var(--ast-global-color-4)","background-image":"","background-repeat":"repeat","background-position":"center center","background-size":"auto","background-attachment":"scroll","background-type":"","background-media":"","overlay-type":"","overlay-color":"","overlay-opacity":"","overlay-gradient":""},"tablet":{"background-color":"var(--ast-global-color-4)","background-image":"","background-repeat":"repeat","background-position":"center center","background-size":"auto","background-attachment":"scroll","background-type":"","background-media":"","overlay-type":"","overlay-color":"","overlay-opacity":"","overlay-gradient":""},"mobile":{"background-color":"var(--ast-global-color-4)","background-image":"","background-repeat":"repeat","background-position":"center center","background-size":"auto","background-attachment":"scroll","background-type":"","background-media":"","overlay-type":"","overlay-color":"","overlay-opacity":"","overlay-gradient":""}},"footnotes":""},"categories":[416],"tags":[],"countries":[252,268],"order-category":[159,887,879],"class_list":["post-10574","post","type-post","status-publish","format-standard","has-post-thumbnail","hentry","category-wszystkozercy","countries-europe-pl","countries-szwecja","order-category-owady","order-category-owady-prostoskrzydle-pasikonikowate","order-category-owady-prostoskrzydle"],"_links":{"self":[{"href":"https:\/\/pawel.stefanoff.pl\/bugs\/wp-json\/wp\/v2\/posts\/10574","targetHints":{"allow":["GET"]}}],"collection":[{"href":"https:\/\/pawel.stefanoff.pl\/bugs\/wp-json\/wp\/v2\/posts"}],"about":[{"href":"https:\/\/pawel.stefanoff.pl\/bugs\/wp-json\/wp\/v2\/types\/post"}],"author":[{"embeddable":true,"href":"https:\/\/pawel.stefanoff.pl\/bugs\/wp-json\/wp\/v2\/users\/2"}],"replies":[{"embeddable":true,"href":"https:\/\/pawel.stefanoff.pl\/bugs\/wp-json\/wp\/v2\/comments?post=10574"}],"version-history":[{"count":1,"href":"https:\/\/pawel.stefanoff.pl\/bugs\/wp-json\/wp\/v2\/posts\/10574\/revisions"}],"predecessor-version":[{"id":10578,"href":"https:\/\/pawel.stefanoff.pl\/bugs\/wp-json\/wp\/v2\/posts\/10574\/revisions\/10578"}],"wp:featuredmedia":[{"embeddable":true,"href":"https:\/\/pawel.stefanoff.pl\/bugs\/wp-json\/wp\/v2\/media\/10570"}],"wp:attachment":[{"href":"https:\/\/pawel.stefanoff.pl\/bugs\/wp-json\/wp\/v2\/media?parent=10574"}],"wp:term":[{"taxonomy":"category","embeddable":true,"href":"https:\/\/pawel.stefanoff.pl\/bugs\/wp-json\/wp\/v2\/categories?post=10574"},{"taxonomy":"post_tag","embeddable":true,"href":"https:\/\/pawel.stefanoff.pl\/bugs\/wp-json\/wp\/v2\/tags?post=10574"},{"taxonomy":"countries","embeddable":true,"href":"https:\/\/pawel.stefanoff.pl\/bugs\/wp-json\/wp\/v2\/countries?post=10574"},{"taxonomy":"order-category","embeddable":true,"href":"https:\/\/pawel.stefanoff.pl\/bugs\/wp-json\/wp\/v2\/order-category?post=10574"}],"curies":[{"name":"wp","href":"https:\/\/api.w.org\/{rel}","templated":true}]}}