{"id":7170,"date":"2026-06-07T14:50:38","date_gmt":"2026-06-07T14:50:38","guid":{"rendered":"https:\/\/pawel.stefanoff.pl\/bugs\/?p=7170"},"modified":"2026-07-22T17:38:46","modified_gmt":"2026-07-22T17:38:46","slug":"2026-06-stunning-orange-orb-weaver-mid-meal-pl","status":"publish","type":"post","link":"https:\/\/pawel.stefanoff.pl\/bugs\/pl\/posts\/2026-06-stunning-orange-orb-weaver-mid-meal-pl\/","title":{"rendered":"Obiad w czasie sesji: Jak uwieczni\u0142em pomara\u0144czowego czaika podczas posi\u0142ku"},"content":{"rendered":"\n<p class=\"wp-block-paragraph\">Poznajcie czaika wiosennego (<em>Metellina mengei<\/em>) \u2013 pospolitego, lecz urzekaj\u0105cego europejskiego paj\u0105ka z rodziny kwadratnikowatych, kt\u00f3rego szczyt aktywno\u015bci przypada na wiosn\u0119 i wczesne lato. Ten moment w roku jest kluczow\u0105 wskaz\u00f3wk\u0105 dla mi\u0142o\u015bnik\u00f3w przyrody, pozwala bowiem odr\u00f3\u017cni\u0107 go od bli\u017aniaczo podobnego krewniaka \u2013 czaika jesiennego (<em>Metellina segmentata<\/em>), kt\u00f3ry dorasta dopiero jesieni\u0105. W miniaturowym \u015bwiecie tego gatunku mi\u0142o\u015b\u0107 bywa polem bitwy: samce staczaj\u0105 ze sob\u0105 zaci\u0119te walki o prawo do kopulacji z samic\u0105, mocuj\u0105c si\u0119 za pomoc\u0105 wyd\u0142u\u017conych przednich odn\u00f3\u017cy, dop\u00f3ki wi\u0119kszy z rywali nie og\u0142osi zwyci\u0119stwa. Ich architektoniczne rzemios\u0142o mo\u017cna \u0142atwo rozpozna\u0107 po charakterystycznych, lekko pochylonych sieciach \u0142ownych z wyra\u017anym, pustym otworem \u2013 przypominaj\u0105cym dziurk\u0119 od klucza \u2013 w samym centrum kolistego wzoru. Paj\u0105ki te s\u0105 niezwykle dbaj\u0105 o swoje pu\u0142apki; codziennie je naprawiaj\u0105, a zniszczone fragmenty paj\u0119czyny zjadaj\u0105, by w ten spos\u00f3b odzyska\u0107 i powt\u00f3rnie wykorzysta\u0107 cenne bia\u0142ka. Wyposa\u017cone w wyj\u0105tkowo d\u0142ugie szcz\u0119koczu\u0142ki (chelicery), s\u0105 bezwzgl\u0119dnymi \u0142owcami. Sam natkn\u0105\u0142em si\u0119 na pi\u0119knego, pomara\u0144czowego osobnika zaj\u0119tego konsumpcj\u0105 lataj\u0105cego owada, co da\u0142o mi idealn\u0105 okazj\u0119 i czas na zrobienie kilku ostrych zdj\u0119\u0107.<\/p>\n","protected":false},"excerpt":{"rendered":"<p>Poznajcie czaika wiosennego (Metellina mengei) \u2013 pospolitego, lecz urzekaj\u0105cego europejskiego paj\u0105ka z rodziny kwadratnikowatych, kt\u00f3rego szczyt aktywno\u015bci przypada na wiosn\u0119 [&hellip;]<\/p>\n","protected":false},"author":2,"featured_media":7165,"comment_status":"open","ping_status":"open","sticky":false,"template":"","format":"standard","meta":{"site-sidebar-layout":"default","site-content-layout":"","ast-site-content-layout":"default","site-content-style":"default","site-sidebar-style":"default","ast-global-header-display":"","ast-banner-title-visibility":"","ast-main-header-display":"","ast-hfb-above-header-display":"","ast-hfb-below-header-display":"","ast-hfb-mobile-header-display":"","site-post-title":"","ast-breadcrumbs-content":"","ast-featured-img":"","footer-sml-layout":"","ast-disable-related-posts":"","theme-transparent-header-meta":"","adv-header-id-meta":"","stick-header-meta":"","header-above-stick-meta":"","header-main-stick-meta":"","header-below-stick-meta":"","astra-migrate-meta-layouts":"default","ast-page-background-enabled":"default","ast-page-background-meta":{"desktop":{"background-color":"var(--ast-global-color-5)","background-image":"","background-repeat":"repeat","background-position":"center center","background-size":"auto","background-attachment":"scroll","background-type":"","background-media":"","overlay-type":"","overlay-color":"","overlay-opacity":"","overlay-gradient":""},"tablet":{"background-color":"","background-image":"","background-repeat":"repeat","background-position":"center center","background-size":"auto","background-attachment":"scroll","background-type":"","background-media":"","overlay-type":"","overlay-color":"","overlay-opacity":"","overlay-gradient":""},"mobile":{"background-color":"","background-image":"","background-repeat":"repeat","background-position":"center center","background-size":"auto","background-attachment":"scroll","background-type":"","background-media":"","overlay-type":"","overlay-color":"","overlay-opacity":"","overlay-gradient":""}},"ast-content-background-meta":{"desktop":{"background-color":"var(--ast-global-color-4)","background-image":"","background-repeat":"repeat","background-position":"center center","background-size":"auto","background-attachment":"scroll","background-type":"","background-media":"","overlay-type":"","overlay-color":"","overlay-opacity":"","overlay-gradient":""},"tablet":{"background-color":"var(--ast-global-color-4)","background-image":"","background-repeat":"repeat","background-position":"center center","background-size":"auto","background-attachment":"scroll","background-type":"","background-media":"","overlay-type":"","overlay-color":"","overlay-opacity":"","overlay-gradient":""},"mobile":{"background-color":"var(--ast-global-color-4)","background-image":"","background-repeat":"repeat","background-position":"center center","background-size":"auto","background-attachment":"scroll","background-type":"","background-media":"","overlay-type":"","overlay-color":"","overlay-opacity":"","overlay-gradient":""}},"footnotes":""},"categories":[100],"tags":[],"countries":[252,268],"order-category":[1031,142,138],"class_list":["post-7170","post","type-post","status-publish","format-standard","has-post-thumbnail","hentry","category-drapiezniki","countries-europe-pl","countries-szwecja","order-category-pajeczaki-pajaki-kwadratnikowate","order-category-pajeczaki-pajaki","order-category-pajeczaki"],"_links":{"self":[{"href":"https:\/\/pawel.stefanoff.pl\/bugs\/wp-json\/wp\/v2\/posts\/7170","targetHints":{"allow":["GET"]}}],"collection":[{"href":"https:\/\/pawel.stefanoff.pl\/bugs\/wp-json\/wp\/v2\/posts"}],"about":[{"href":"https:\/\/pawel.stefanoff.pl\/bugs\/wp-json\/wp\/v2\/types\/post"}],"author":[{"embeddable":true,"href":"https:\/\/pawel.stefanoff.pl\/bugs\/wp-json\/wp\/v2\/users\/2"}],"replies":[{"embeddable":true,"href":"https:\/\/pawel.stefanoff.pl\/bugs\/wp-json\/wp\/v2\/comments?post=7170"}],"version-history":[{"count":1,"href":"https:\/\/pawel.stefanoff.pl\/bugs\/wp-json\/wp\/v2\/posts\/7170\/revisions"}],"predecessor-version":[{"id":7175,"href":"https:\/\/pawel.stefanoff.pl\/bugs\/wp-json\/wp\/v2\/posts\/7170\/revisions\/7175"}],"wp:featuredmedia":[{"embeddable":true,"href":"https:\/\/pawel.stefanoff.pl\/bugs\/wp-json\/wp\/v2\/media\/7165"}],"wp:attachment":[{"href":"https:\/\/pawel.stefanoff.pl\/bugs\/wp-json\/wp\/v2\/media?parent=7170"}],"wp:term":[{"taxonomy":"category","embeddable":true,"href":"https:\/\/pawel.stefanoff.pl\/bugs\/wp-json\/wp\/v2\/categories?post=7170"},{"taxonomy":"post_tag","embeddable":true,"href":"https:\/\/pawel.stefanoff.pl\/bugs\/wp-json\/wp\/v2\/tags?post=7170"},{"taxonomy":"countries","embeddable":true,"href":"https:\/\/pawel.stefanoff.pl\/bugs\/wp-json\/wp\/v2\/countries?post=7170"},{"taxonomy":"order-category","embeddable":true,"href":"https:\/\/pawel.stefanoff.pl\/bugs\/wp-json\/wp\/v2\/order-category?post=7170"}],"curies":[{"name":"wp","href":"https:\/\/api.w.org\/{rel}","templated":true}]}}