{"id":7176,"date":"2026-06-07T14:50:38","date_gmt":"2026-06-07T14:50:38","guid":{"rendered":"https:\/\/pawel.stefanoff.pl\/bugs\/?p=7176"},"modified":"2026-07-22T17:39:04","modified_gmt":"2026-07-22T17:39:04","slug":"2026-06-stunning-orange-orb-weaver-mid-meal-es","status":"publish","type":"post","link":"https:\/\/pawel.stefanoff.pl\/bugs\/es\/posts\/2026-06-stunning-orange-orb-weaver-mid-meal-es\/","title":{"rendered":"Cena y sesi\u00f3n de fotos: Retratando a una llamativa ara\u00f1a naranja en pleno fest\u00edn"},"content":{"rendered":"\n<p class=\"wp-block-paragraph\">Les presento a <em>Metellina mengei<\/em>, una ara\u00f1a de mand\u00edbulas largas europea (familia: <em>Tetragnathidae<\/em>) muy com\u00fan pero fascinante, que alcanza su pico de actividad durante la primavera y el principio del verano. Esta temporalidad es una pista crucial para los entusiastas de la naturaleza, ya que ayuda a distinguirla de su pariente casi id\u00e9ntica, la <em>Metellina segmentata<\/em>, que madura m\u00e1s tarde en el oto\u00f1o. En el mundo min\u00fasculo de esta especie, el romance es un campo de batalla: los machos se enzarzan en feroces peleas de lucha libre por el derecho a cortejar a una hembra, usando sus alargadas patas delanteras para forcejear hasta que el rival m\u00e1s grande se alza con la victoria. Se puede reconocer f\u00e1cilmente su obra arquitect\u00f3nica buscando una red orbital caracter\u00edsticamente inclinada que presenta un hueco abierto\u2014o &#8220;ojo de cerradura&#8221;\u2014justo en el centro. Estas ara\u00f1as mantienen sus trampas impecables con reparaciones diarias, e incluso se comen los hilos da\u00f1ados para reciclar las prote\u00ednas de la seda. Equipadas con mand\u00edbulas notablemente largas, llamadas quel\u00edceros, son unas cazadoras formidables. Me cruc\u00e9 con un hermoso ejemplar de tono anaranjado justo cuando estaba ocupado devorando a un insecto volador, una oportuna distracci\u00f3n que me concedi\u00f3 el tiempo perfecto para capturar varias fotos macro n\u00edtidas y llenas de detalle.<\/p>\n","protected":false},"excerpt":{"rendered":"<p>Les presento a Metellina mengei, una ara\u00f1a de mand\u00edbulas largas europea (familia: Tetragnathidae) muy com\u00fan pero fascinante, que alcanza su [&hellip;]<\/p>\n","protected":false},"author":2,"featured_media":7165,"comment_status":"open","ping_status":"open","sticky":false,"template":"","format":"standard","meta":{"site-sidebar-layout":"default","site-content-layout":"","ast-site-content-layout":"default","site-content-style":"default","site-sidebar-style":"default","ast-global-header-display":"","ast-banner-title-visibility":"","ast-main-header-display":"","ast-hfb-above-header-display":"","ast-hfb-below-header-display":"","ast-hfb-mobile-header-display":"","site-post-title":"","ast-breadcrumbs-content":"","ast-featured-img":"","footer-sml-layout":"","ast-disable-related-posts":"","theme-transparent-header-meta":"","adv-header-id-meta":"","stick-header-meta":"","header-above-stick-meta":"","header-main-stick-meta":"","header-below-stick-meta":"","astra-migrate-meta-layouts":"default","ast-page-background-enabled":"default","ast-page-background-meta":{"desktop":{"background-color":"var(--ast-global-color-5)","background-image":"","background-repeat":"repeat","background-position":"center center","background-size":"auto","background-attachment":"scroll","background-type":"","background-media":"","overlay-type":"","overlay-color":"","overlay-opacity":"","overlay-gradient":""},"tablet":{"background-color":"","background-image":"","background-repeat":"repeat","background-position":"center center","background-size":"auto","background-attachment":"scroll","background-type":"","background-media":"","overlay-type":"","overlay-color":"","overlay-opacity":"","overlay-gradient":""},"mobile":{"background-color":"","background-image":"","background-repeat":"repeat","background-position":"center center","background-size":"auto","background-attachment":"scroll","background-type":"","background-media":"","overlay-type":"","overlay-color":"","overlay-opacity":"","overlay-gradient":""}},"ast-content-background-meta":{"desktop":{"background-color":"var(--ast-global-color-4)","background-image":"","background-repeat":"repeat","background-position":"center center","background-size":"auto","background-attachment":"scroll","background-type":"","background-media":"","overlay-type":"","overlay-color":"","overlay-opacity":"","overlay-gradient":""},"tablet":{"background-color":"var(--ast-global-color-4)","background-image":"","background-repeat":"repeat","background-position":"center center","background-size":"auto","background-attachment":"scroll","background-type":"","background-media":"","overlay-type":"","overlay-color":"","overlay-opacity":"","overlay-gradient":""},"mobile":{"background-color":"var(--ast-global-color-4)","background-image":"","background-repeat":"repeat","background-position":"center center","background-size":"auto","background-attachment":"scroll","background-type":"","background-media":"","overlay-type":"","overlay-color":"","overlay-opacity":"","overlay-gradient":""}},"footnotes":""},"categories":[102],"tags":[],"countries":[254,270],"order-category":[144,1033,140],"class_list":["post-7176","post","type-post","status-publish","format-standard","has-post-thumbnail","hentry","category-depredadores","countries-europa","countries-suecia","order-category-aracnidos-aranas","order-category-arachnidos-aranas-aranas-de-mandibulas-largas","order-category-aracnidos"],"_links":{"self":[{"href":"https:\/\/pawel.stefanoff.pl\/bugs\/wp-json\/wp\/v2\/posts\/7176","targetHints":{"allow":["GET"]}}],"collection":[{"href":"https:\/\/pawel.stefanoff.pl\/bugs\/wp-json\/wp\/v2\/posts"}],"about":[{"href":"https:\/\/pawel.stefanoff.pl\/bugs\/wp-json\/wp\/v2\/types\/post"}],"author":[{"embeddable":true,"href":"https:\/\/pawel.stefanoff.pl\/bugs\/wp-json\/wp\/v2\/users\/2"}],"replies":[{"embeddable":true,"href":"https:\/\/pawel.stefanoff.pl\/bugs\/wp-json\/wp\/v2\/comments?post=7176"}],"version-history":[{"count":1,"href":"https:\/\/pawel.stefanoff.pl\/bugs\/wp-json\/wp\/v2\/posts\/7176\/revisions"}],"predecessor-version":[{"id":7181,"href":"https:\/\/pawel.stefanoff.pl\/bugs\/wp-json\/wp\/v2\/posts\/7176\/revisions\/7181"}],"wp:featuredmedia":[{"embeddable":true,"href":"https:\/\/pawel.stefanoff.pl\/bugs\/wp-json\/wp\/v2\/media\/7165"}],"wp:attachment":[{"href":"https:\/\/pawel.stefanoff.pl\/bugs\/wp-json\/wp\/v2\/media?parent=7176"}],"wp:term":[{"taxonomy":"category","embeddable":true,"href":"https:\/\/pawel.stefanoff.pl\/bugs\/wp-json\/wp\/v2\/categories?post=7176"},{"taxonomy":"post_tag","embeddable":true,"href":"https:\/\/pawel.stefanoff.pl\/bugs\/wp-json\/wp\/v2\/tags?post=7176"},{"taxonomy":"countries","embeddable":true,"href":"https:\/\/pawel.stefanoff.pl\/bugs\/wp-json\/wp\/v2\/countries?post=7176"},{"taxonomy":"order-category","embeddable":true,"href":"https:\/\/pawel.stefanoff.pl\/bugs\/wp-json\/wp\/v2\/order-category?post=7176"}],"curies":[{"name":"wp","href":"https:\/\/api.w.org\/{rel}","templated":true}]}}