{"id":7334,"date":"2026-06-20T19:10:50","date_gmt":"2026-06-20T19:10:50","guid":{"rendered":"https:\/\/pawel.stefanoff.pl\/bugs\/?p=7334"},"modified":"2026-08-29T17:13:43","modified_gmt":"2026-08-29T17:13:43","slug":"2026-06-living-fossil-moth-at-the-baltic-pl","status":"publish","type":"post","link":"https:\/\/pawel.stefanoff.pl\/bugs\/pl\/posts\/2026-06-living-fossil-moth-at-the-baltic-pl\/","title":{"rendered":"Jurajski klejnot w skandynawskim lesie: Micropterix aureatella"},"content":{"rendered":"\n<p class=\"wp-block-paragraph\">Poznajcie <em>Micropterix aureatella<\/em> \u2013 filigranowego, lataj\u0105cego w dzie\u0144 motyla z rodziny skrzydliniakowatych (<em>Micropterigidae<\/em>), kt\u00f3ra stanowi najstarsz\u0105, pierwotn\u0105 lini\u0119 ewolucyjn\u0105 motyli, a jej skamienia\u0142o\u015bci pochodz\u0105 jeszcze z jury. Nazywane \u201e\u017cywymi skamienia\u0142o\u015bciami\u201d, te miniaturowe owady nie posiadaj\u0105 zwijanej ssawki typowej dla wsp\u00f3\u0142czesnych motyli, lecz w pe\u0142ni funkcjonalne narz\u0105dy g\u0119bowe typu gryz\u0105cego. Osi\u0105gaj\u0105c zaledwie 9\u201311 milimetr\u00f3w rozpi\u0119to\u015bci skrzyde\u0142, gatunek ten zachwyca metalicznymi, br\u0105zowo-purpurowymi przednimi skrzyd\u0142ami, ozdobionymi dwoma z\u0142otymi paskami i owaln\u0105 plamk\u0105. Zasiedlaj\u0105 wilgotne, kwa\u015bne lasy i wrzosowiska Palearktyki, gdzie doros\u0142e osobniki \u017cywi\u0105 si\u0119 py\u0142kiem turzyc i bor\u00f3wek. Podczas gdy doros\u0142e motyle ta\u0144cz\u0105 w \u015bwietle dnia, ich skryte larwy pozostaj\u0105 owiane tajemnic\u0105 \u2013 ukryte g\u0142\u0119boko w \u015bci\u00f3\u0142ce le\u015bnej, \u017cywi\u0105 si\u0119 najprawdopodobniej m\u0142odymi li\u015b\u0107mi bor\u00f3wek. Podczas mojej czerwcowej wyprawy rowerowej wzd\u0142u\u017c Zatoki Botnickiej w 2026 roku wypatrzy\u0142em te miniaturowe klejnoty w trzech r\u00f3\u017cnych kompleksach le\u015bnych w Szwecji i Finlandii. Ze wzgl\u0119du na ich mikroskopijne rozmiary, zaliczy\u0142em ponad 100 nieudanych pr\u00f3b, zanim uda\u0142o mi si\u0119 uchwyci\u0107 kilka upragnionych, ostrych uj\u0119\u0107.<\/p>\n","protected":false},"excerpt":{"rendered":"<p>Poznajcie Micropterix aureatella \u2013 filigranowego, lataj\u0105cego w dzie\u0144 motyla z rodziny skrzydliniakowatych (Micropterigidae), kt\u00f3ra stanowi najstarsz\u0105, pierwotn\u0105 lini\u0119 ewolucyjn\u0105 motyli, [&hellip;]<\/p>\n","protected":false},"author":2,"featured_media":7324,"comment_status":"open","ping_status":"open","sticky":false,"template":"","format":"standard","meta":{"site-sidebar-layout":"default","site-content-layout":"","ast-site-content-layout":"default","site-content-style":"default","site-sidebar-style":"default","ast-global-header-display":"","ast-banner-title-visibility":"","ast-main-header-display":"","ast-hfb-above-header-display":"","ast-hfb-below-header-display":"","ast-hfb-mobile-header-display":"","site-post-title":"","ast-breadcrumbs-content":"","ast-featured-img":"","footer-sml-layout":"","ast-disable-related-posts":"","theme-transparent-header-meta":"","adv-header-id-meta":"","stick-header-meta":"","header-above-stick-meta":"","header-main-stick-meta":"","header-below-stick-meta":"","astra-migrate-meta-layouts":"default","ast-page-background-enabled":"default","ast-page-background-meta":{"desktop":{"background-color":"var(--ast-global-color-5)","background-image":"","background-repeat":"repeat","background-position":"center center","background-size":"auto","background-attachment":"scroll","background-type":"","background-media":"","overlay-type":"","overlay-color":"","overlay-opacity":"","overlay-gradient":""},"tablet":{"background-color":"","background-image":"","background-repeat":"repeat","background-position":"center center","background-size":"auto","background-attachment":"scroll","background-type":"","background-media":"","overlay-type":"","overlay-color":"","overlay-opacity":"","overlay-gradient":""},"mobile":{"background-color":"","background-image":"","background-repeat":"repeat","background-position":"center center","background-size":"auto","background-attachment":"scroll","background-type":"","background-media":"","overlay-type":"","overlay-color":"","overlay-opacity":"","overlay-gradient":""}},"ast-content-background-meta":{"desktop":{"background-color":"var(--ast-global-color-4)","background-image":"","background-repeat":"repeat","background-position":"center center","background-size":"auto","background-attachment":"scroll","background-type":"","background-media":"","overlay-type":"","overlay-color":"","overlay-opacity":"","overlay-gradient":""},"tablet":{"background-color":"var(--ast-global-color-4)","background-image":"","background-repeat":"repeat","background-position":"center center","background-size":"auto","background-attachment":"scroll","background-type":"","background-media":"","overlay-type":"","overlay-color":"","overlay-opacity":"","overlay-gradient":""},"mobile":{"background-color":"var(--ast-global-color-4)","background-image":"","background-repeat":"repeat","background-position":"center center","background-size":"auto","background-attachment":"scroll","background-type":"","background-media":"","overlay-type":"","overlay-color":"","overlay-opacity":"","overlay-gradient":""}},"footnotes":""},"categories":[10],"tags":[],"countries":[252,1373,268],"order-category":[359,159,1234],"class_list":["post-7334","post","type-post","status-publish","format-standard","has-post-thumbnail","hentry","category-fitofagi-roslinozercy","countries-europe-pl","countries-europa-finlandia-pl","countries-szwecja","order-category-owady-motyle","order-category-owady","order-category-owady-motyle-skrzydliniakowate"],"_links":{"self":[{"href":"https:\/\/pawel.stefanoff.pl\/bugs\/wp-json\/wp\/v2\/posts\/7334","targetHints":{"allow":["GET"]}}],"collection":[{"href":"https:\/\/pawel.stefanoff.pl\/bugs\/wp-json\/wp\/v2\/posts"}],"about":[{"href":"https:\/\/pawel.stefanoff.pl\/bugs\/wp-json\/wp\/v2\/types\/post"}],"author":[{"embeddable":true,"href":"https:\/\/pawel.stefanoff.pl\/bugs\/wp-json\/wp\/v2\/users\/2"}],"replies":[{"embeddable":true,"href":"https:\/\/pawel.stefanoff.pl\/bugs\/wp-json\/wp\/v2\/comments?post=7334"}],"version-history":[{"count":2,"href":"https:\/\/pawel.stefanoff.pl\/bugs\/wp-json\/wp\/v2\/posts\/7334\/revisions"}],"predecessor-version":[{"id":10273,"href":"https:\/\/pawel.stefanoff.pl\/bugs\/wp-json\/wp\/v2\/posts\/7334\/revisions\/10273"}],"wp:featuredmedia":[{"embeddable":true,"href":"https:\/\/pawel.stefanoff.pl\/bugs\/wp-json\/wp\/v2\/media\/7324"}],"wp:attachment":[{"href":"https:\/\/pawel.stefanoff.pl\/bugs\/wp-json\/wp\/v2\/media?parent=7334"}],"wp:term":[{"taxonomy":"category","embeddable":true,"href":"https:\/\/pawel.stefanoff.pl\/bugs\/wp-json\/wp\/v2\/categories?post=7334"},{"taxonomy":"post_tag","embeddable":true,"href":"https:\/\/pawel.stefanoff.pl\/bugs\/wp-json\/wp\/v2\/tags?post=7334"},{"taxonomy":"countries","embeddable":true,"href":"https:\/\/pawel.stefanoff.pl\/bugs\/wp-json\/wp\/v2\/countries?post=7334"},{"taxonomy":"order-category","embeddable":true,"href":"https:\/\/pawel.stefanoff.pl\/bugs\/wp-json\/wp\/v2\/order-category?post=7334"}],"curies":[{"name":"wp","href":"https:\/\/api.w.org\/{rel}","templated":true}]}}