{"id":7463,"date":"2026-06-10T16:40:45","date_gmt":"2026-06-10T16:40:45","guid":{"rendered":"https:\/\/pawel.stefanoff.pl\/bugs\/?p=7463"},"modified":"2026-08-15T07:35:54","modified_gmt":"2026-08-15T07:35:54","slug":"2026-06-capturing-the-elegant-banded-thintail-pl","status":"publish","type":"post","link":"https:\/\/pawel.stefanoff.pl\/bugs\/pl\/posts\/2026-06-capturing-the-elegant-banded-thintail-pl\/","title":{"rendered":"Smuk\u0142y stra\u017cnik korony drzew: Ol\u015bniewaj\u0105ca bzyg\u00f3wka wiosenna"},"content":{"rendered":"\n<p class=\"wp-block-paragraph\">Bzyg\u00f3wka wiosenna (<em>Meliscaeva cinctella<\/em>) to smuk\u0142y, elegancki bzyg wyr\u00f3\u017cniaj\u0105cy si\u0119 wyj\u0105tkowo w\u0105skim odw\u0142okiem i d\u0142ugimi skrzyd\u0142ami. Podczas gdy doros\u0142e osobniki \u017cywi\u0105 si\u0119 wy\u0142\u0105cznie nektarem i py\u0142kiem \u2013 preferuj\u0105c bia\u0142e baldachy, je\u017cyny, starce i ostro\u017cenie \u2013 ich potomstwo to bezwzgl\u0119dni drapie\u017cnicy. Larwy tego gatunku poluj\u0105 na mszyce bytuj\u0105ce wysoko w koronach drzew i krzew\u00f3w, takich jak d\u0119by, sosny, jab\u0142onie czy czarny bez. Samice strategicznie sk\u0142adaj\u0105 jaja w bezpo\u015brednim s\u0105siedztwie kolonii mszyc, dzi\u0119ki czemu gatunek ten pe\u0142ni kluczow\u0105 rol\u0119 w naturalnej kontroli szkodnik\u00f3w le\u015bnych i ogrodowych. Cho\u0107 doros\u0142e owady wyst\u0119puj\u0105 od kwietnia do listopada, a ich szczyt pojawu przypada na p\u00f3\u017ane lato, \u0142atwo je wypatrzy\u0107 na s\u0142onecznych skrajach las\u00f3w przez ca\u0142e wakacje. Podczas wyprawy rowerowej wzd\u0142u\u017c wschodniego wybrze\u017ca Szwecji w 2026 roku natrafi\u0142em na te urokliwe owady w trakcie odpoczynku na obrze\u017cach lasu. Udanie si\u0119 do nich z obiektywem zaowocowa\u0142o jednymi z najpi\u0119kniejszych uj\u0119\u0107 z ca\u0142ej mojej podr\u00f3\u017cy.<\/p>\n","protected":false},"excerpt":{"rendered":"<p>Bzyg\u00f3wka wiosenna (Meliscaeva cinctella) to smuk\u0142y, elegancki bzyg wyr\u00f3\u017cniaj\u0105cy si\u0119 wyj\u0105tkowo w\u0105skim odw\u0142okiem i d\u0142ugimi skrzyd\u0142ami. Podczas gdy doros\u0142e osobniki [&hellip;]<\/p>\n","protected":false},"author":2,"featured_media":7450,"comment_status":"open","ping_status":"open","sticky":false,"template":"","format":"standard","meta":{"site-sidebar-layout":"default","site-content-layout":"","ast-site-content-layout":"default","site-content-style":"default","site-sidebar-style":"default","ast-global-header-display":"","ast-banner-title-visibility":"","ast-main-header-display":"","ast-hfb-above-header-display":"","ast-hfb-below-header-display":"","ast-hfb-mobile-header-display":"","site-post-title":"","ast-breadcrumbs-content":"","ast-featured-img":"","footer-sml-layout":"","ast-disable-related-posts":"","theme-transparent-header-meta":"","adv-header-id-meta":"","stick-header-meta":"","header-above-stick-meta":"","header-main-stick-meta":"","header-below-stick-meta":"","astra-migrate-meta-layouts":"default","ast-page-background-enabled":"default","ast-page-background-meta":{"desktop":{"background-color":"var(--ast-global-color-5)","background-image":"","background-repeat":"repeat","background-position":"center center","background-size":"auto","background-attachment":"scroll","background-type":"","background-media":"","overlay-type":"","overlay-color":"","overlay-opacity":"","overlay-gradient":""},"tablet":{"background-color":"","background-image":"","background-repeat":"repeat","background-position":"center center","background-size":"auto","background-attachment":"scroll","background-type":"","background-media":"","overlay-type":"","overlay-color":"","overlay-opacity":"","overlay-gradient":""},"mobile":{"background-color":"","background-image":"","background-repeat":"repeat","background-position":"center center","background-size":"auto","background-attachment":"scroll","background-type":"","background-media":"","overlay-type":"","overlay-color":"","overlay-opacity":"","overlay-gradient":""}},"ast-content-background-meta":{"desktop":{"background-color":"var(--ast-global-color-4)","background-image":"","background-repeat":"repeat","background-position":"center center","background-size":"auto","background-attachment":"scroll","background-type":"","background-media":"","overlay-type":"","overlay-color":"","overlay-opacity":"","overlay-gradient":""},"tablet":{"background-color":"var(--ast-global-color-4)","background-image":"","background-repeat":"repeat","background-position":"center center","background-size":"auto","background-attachment":"scroll","background-type":"","background-media":"","overlay-type":"","overlay-color":"","overlay-opacity":"","overlay-gradient":""},"mobile":{"background-color":"var(--ast-global-color-4)","background-image":"","background-repeat":"repeat","background-position":"center center","background-size":"auto","background-attachment":"scroll","background-type":"","background-media":"","overlay-type":"","overlay-color":"","overlay-opacity":"","overlay-gradient":""}},"footnotes":""},"categories":[416,96],"tags":[],"countries":[252,1373,268],"order-category":[406,179,159],"class_list":["post-7463","post","type-post","status-publish","format-standard","has-post-thumbnail","hentry","category-wszystkozercy","category-zapylacze","countries-europe-pl","countries-europa-finlandia-pl","countries-szwecja","order-category-owady-dwuskrzydle-bzygowate","order-category-owady-dwuskrzydle","order-category-owady"],"_links":{"self":[{"href":"https:\/\/pawel.stefanoff.pl\/bugs\/wp-json\/wp\/v2\/posts\/7463","targetHints":{"allow":["GET"]}}],"collection":[{"href":"https:\/\/pawel.stefanoff.pl\/bugs\/wp-json\/wp\/v2\/posts"}],"about":[{"href":"https:\/\/pawel.stefanoff.pl\/bugs\/wp-json\/wp\/v2\/types\/post"}],"author":[{"embeddable":true,"href":"https:\/\/pawel.stefanoff.pl\/bugs\/wp-json\/wp\/v2\/users\/2"}],"replies":[{"embeddable":true,"href":"https:\/\/pawel.stefanoff.pl\/bugs\/wp-json\/wp\/v2\/comments?post=7463"}],"version-history":[{"count":2,"href":"https:\/\/pawel.stefanoff.pl\/bugs\/wp-json\/wp\/v2\/posts\/7463\/revisions"}],"predecessor-version":[{"id":8737,"href":"https:\/\/pawel.stefanoff.pl\/bugs\/wp-json\/wp\/v2\/posts\/7463\/revisions\/8737"}],"wp:featuredmedia":[{"embeddable":true,"href":"https:\/\/pawel.stefanoff.pl\/bugs\/wp-json\/wp\/v2\/media\/7450"}],"wp:attachment":[{"href":"https:\/\/pawel.stefanoff.pl\/bugs\/wp-json\/wp\/v2\/media?parent=7463"}],"wp:term":[{"taxonomy":"category","embeddable":true,"href":"https:\/\/pawel.stefanoff.pl\/bugs\/wp-json\/wp\/v2\/categories?post=7463"},{"taxonomy":"post_tag","embeddable":true,"href":"https:\/\/pawel.stefanoff.pl\/bugs\/wp-json\/wp\/v2\/tags?post=7463"},{"taxonomy":"countries","embeddable":true,"href":"https:\/\/pawel.stefanoff.pl\/bugs\/wp-json\/wp\/v2\/countries?post=7463"},{"taxonomy":"order-category","embeddable":true,"href":"https:\/\/pawel.stefanoff.pl\/bugs\/wp-json\/wp\/v2\/order-category?post=7463"}],"curies":[{"name":"wp","href":"https:\/\/api.w.org\/{rel}","templated":true}]}}