{"id":7578,"date":"2026-06-13T11:50:13","date_gmt":"2026-06-13T11:50:13","guid":{"rendered":"https:\/\/pawel.stefanoff.pl\/bugs\/?p=7578"},"modified":"2026-07-23T16:14:38","modified_gmt":"2026-07-23T16:14:38","slug":"2026-06-aritranis-director-on-the-baltic-coast-pl","status":"publish","type":"post","link":"https:\/\/pawel.stefanoff.pl\/bugs\/pl\/posts\/2026-06-aritranis-director-on-the-baltic-coast-pl\/","title":{"rendered":"W nieustannym ruchu: Jak uwieczni\u0142em Aritranis director na szwedzkim wybrze\u017cu"},"content":{"rendered":"\n<p class=\"wp-block-paragraph\">Poznajcie <em>Aritranis directo<\/em>r \u2013 efektownego przedstawiciela g\u0105sienicznik\u00f3w (<em>Ichneumonidae<\/em>) rodzimego dla Europy. Ten odporny w\u0119drowiec na pocz\u0105tku XX wieku zosta\u0142 przypadkowo zawleczony do Ameryki P\u00f3\u0142nocnej, gdzie b\u0142yskawicznie si\u0119 rozprzestrzeni\u0142. Jak wielu jego krewnych, owad ten jest wyspecjalizowanym parazytoidem \u2013 samice u\u017cywaj\u0105 swojego zakrzywionego pok\u0142ade\u0142ka, by sk\u0142ada\u0107 jaja bezpo\u015brednio w kokonach g\u0105sienic motyli, gdzie rozwijaj\u0105ce si\u0119 larwy powoli u\u015bmiercaj\u0105 swojego \u017cywiciela. Osi\u0105gaj\u0105ce do 10 mm d\u0142ugo\u015bci owady wyr\u00f3\u017cniaj\u0105 si\u0119 odwa\u017cn\u0105 kolorystyk\u0105: smoli\u015bcie czarn\u0105 g\u0142ow\u0105 i tu\u0142owiem, jaskrawym pomara\u0144czowoczerwonym odw\u0142okiem oraz charakterystycznym bia\u0142ym paskiem na samym koniuszku cia\u0142a samicy. Na t\u0119 pi\u0119kn\u0105 samic\u0119 natkn\u0105\u0142em si\u0119 podczas przerwy na odpoczynek w trakcie wyprawy rowerowej wzd\u0142u\u017c wschodniego wybrze\u017ca Szwecji. Sfotografowanie tak niewielkiego obiektu w nieustannym ruchu okaza\u0142o si\u0119 prawdziwym sprawdzianem dla obiektywu makro. Jednak po niezliczonych pr\u00f3bach i sporej dawce cierpliwo\u015bci uda\u0142o mi si\u0119 w ko\u0144cu zdoby\u0107 kilka udanych kadr\u00f3w.<\/p>\n","protected":false},"excerpt":{"rendered":"<p>Poznajcie Aritranis director \u2013 efektownego przedstawiciela g\u0105sienicznik\u00f3w (Ichneumonidae) rodzimego dla Europy. Ten odporny w\u0119drowiec na pocz\u0105tku XX wieku zosta\u0142 przypadkowo [&hellip;]<\/p>\n","protected":false},"author":2,"featured_media":7567,"comment_status":"open","ping_status":"open","sticky":false,"template":"","format":"standard","meta":{"site-sidebar-layout":"default","site-content-layout":"","ast-site-content-layout":"default","site-content-style":"default","site-sidebar-style":"default","ast-global-header-display":"","ast-banner-title-visibility":"","ast-main-header-display":"","ast-hfb-above-header-display":"","ast-hfb-below-header-display":"","ast-hfb-mobile-header-display":"","site-post-title":"","ast-breadcrumbs-content":"","ast-featured-img":"","footer-sml-layout":"","ast-disable-related-posts":"","theme-transparent-header-meta":"","adv-header-id-meta":"","stick-header-meta":"","header-above-stick-meta":"","header-main-stick-meta":"","header-below-stick-meta":"","astra-migrate-meta-layouts":"default","ast-page-background-enabled":"default","ast-page-background-meta":{"desktop":{"background-color":"var(--ast-global-color-5)","background-image":"","background-repeat":"repeat","background-position":"center center","background-size":"auto","background-attachment":"scroll","background-type":"","background-media":"","overlay-type":"","overlay-color":"","overlay-opacity":"","overlay-gradient":""},"tablet":{"background-color":"","background-image":"","background-repeat":"repeat","background-position":"center center","background-size":"auto","background-attachment":"scroll","background-type":"","background-media":"","overlay-type":"","overlay-color":"","overlay-opacity":"","overlay-gradient":""},"mobile":{"background-color":"","background-image":"","background-repeat":"repeat","background-position":"center center","background-size":"auto","background-attachment":"scroll","background-type":"","background-media":"","overlay-type":"","overlay-color":"","overlay-opacity":"","overlay-gradient":""}},"ast-content-background-meta":{"desktop":{"background-color":"var(--ast-global-color-4)","background-image":"","background-repeat":"repeat","background-position":"center center","background-size":"auto","background-attachment":"scroll","background-type":"","background-media":"","overlay-type":"","overlay-color":"","overlay-opacity":"","overlay-gradient":""},"tablet":{"background-color":"var(--ast-global-color-4)","background-image":"","background-repeat":"repeat","background-position":"center center","background-size":"auto","background-attachment":"scroll","background-type":"","background-media":"","overlay-type":"","overlay-color":"","overlay-opacity":"","overlay-gradient":""},"mobile":{"background-color":"var(--ast-global-color-4)","background-image":"","background-repeat":"repeat","background-position":"center center","background-size":"auto","background-attachment":"scroll","background-type":"","background-media":"","overlay-type":"","overlay-color":"","overlay-opacity":"","overlay-gradient":""}},"footnotes":""},"categories":[437,416,96],"tags":[],"countries":[252,268],"order-category":[422,441,159],"class_list":["post-7578","post","type-post","status-publish","format-standard","has-post-thumbnail","hentry","category-parazytoidy","category-wszystkozercy","category-zapylacze","countries-europe-pl","countries-szwecja","order-category-owady-blonkoskrzydle","order-category-owady-blonkoskrzydle-gasienicznikowate","order-category-owady"],"_links":{"self":[{"href":"https:\/\/pawel.stefanoff.pl\/bugs\/wp-json\/wp\/v2\/posts\/7578","targetHints":{"allow":["GET"]}}],"collection":[{"href":"https:\/\/pawel.stefanoff.pl\/bugs\/wp-json\/wp\/v2\/posts"}],"about":[{"href":"https:\/\/pawel.stefanoff.pl\/bugs\/wp-json\/wp\/v2\/types\/post"}],"author":[{"embeddable":true,"href":"https:\/\/pawel.stefanoff.pl\/bugs\/wp-json\/wp\/v2\/users\/2"}],"replies":[{"embeddable":true,"href":"https:\/\/pawel.stefanoff.pl\/bugs\/wp-json\/wp\/v2\/comments?post=7578"}],"version-history":[{"count":1,"href":"https:\/\/pawel.stefanoff.pl\/bugs\/wp-json\/wp\/v2\/posts\/7578\/revisions"}],"predecessor-version":[{"id":7589,"href":"https:\/\/pawel.stefanoff.pl\/bugs\/wp-json\/wp\/v2\/posts\/7578\/revisions\/7589"}],"wp:featuredmedia":[{"embeddable":true,"href":"https:\/\/pawel.stefanoff.pl\/bugs\/wp-json\/wp\/v2\/media\/7567"}],"wp:attachment":[{"href":"https:\/\/pawel.stefanoff.pl\/bugs\/wp-json\/wp\/v2\/media?parent=7578"}],"wp:term":[{"taxonomy":"category","embeddable":true,"href":"https:\/\/pawel.stefanoff.pl\/bugs\/wp-json\/wp\/v2\/categories?post=7578"},{"taxonomy":"post_tag","embeddable":true,"href":"https:\/\/pawel.stefanoff.pl\/bugs\/wp-json\/wp\/v2\/tags?post=7578"},{"taxonomy":"countries","embeddable":true,"href":"https:\/\/pawel.stefanoff.pl\/bugs\/wp-json\/wp\/v2\/countries?post=7578"},{"taxonomy":"order-category","embeddable":true,"href":"https:\/\/pawel.stefanoff.pl\/bugs\/wp-json\/wp\/v2\/order-category?post=7578"}],"curies":[{"name":"wp","href":"https:\/\/api.w.org\/{rel}","templated":true}]}}