{"id":7913,"date":"2026-06-26T09:40:01","date_gmt":"2026-06-26T09:40:01","guid":{"rendered":"https:\/\/pawel.stefanoff.pl\/bugs\/?p=7913"},"modified":"2026-07-23T18:16:37","modified_gmt":"2026-07-23T18:16:37","slug":"2026-06-morinia-doronici-mysterious-cluster-fly-es","status":"publish","type":"post","link":"https:\/\/pawel.stefanoff.pl\/bugs\/es\/posts\/2026-06-morinia-doronici-mysterious-cluster-fly-es\/","title":{"rendered":"Oculta entre la multitud: Aprendiendo a distinguir a un enigma esbelto"},"content":{"rendered":"\n<p class=\"wp-block-paragraph\">Les presento a la<em> Morinia doronici<\/em>, una esbelta mosca negra perteneciente a la familia <em>Polleniidae<\/em>. Aunque la mayor\u00eda de sus primas de esta familia son conocidas por sus cuerpos robustos y rechonchos, esta especie en particular destaca por su silueta notablemente delgada y estrecha. Sin embargo, la verdadera sorpresa est\u00e1 en su linaje: mientras que las larvas de la mayor\u00eda de las moscas afines son par\u00e1sitas de lombrices de tierra, el g\u00e9nero <em>Morinia<\/em> presume de una adaptabilidad asombrosa; algunas especies de este grupo han evolucionado para vivir dentro de los jarros de las plantas carn\u00edvoras, aliment\u00e1ndose de los insectos muertos que quedan atrapados all\u00ed. Los adultos est\u00e1n muy extendidos por la regi\u00f3n pale\u00e1rtica, patrullando con frecuencia parques, jardines y lindes de bosques caducifolios para alimentarse de n\u00e9ctar y savia. A pesar de su amplia distribuci\u00f3n, el ciclo de desarrollo exacto de la <em>M. doronici<\/em> sigue siendo un misterio para la ciencia. Puede parecer un insecto com\u00fan a simple vista, pero retratarlo con el objetivo macro me oblig\u00f3 a mirar mucho m\u00e1s de cerca. Aprender a distinguir sus rasgos \u00fanicos entre un mar de moscas id\u00e9nticas fue un reto sumamente gratificante, del cual me llev\u00e9 unos fotogramas n\u00edtidos y detallados.<\/p>\n","protected":false},"excerpt":{"rendered":"<p>Les presento a la Morinia doronici, una esbelta mosca negra perteneciente a la familia Polleniidae. Aunque la mayor\u00eda de sus [&hellip;]<\/p>\n","protected":false},"author":2,"featured_media":7899,"comment_status":"open","ping_status":"open","sticky":false,"template":"","format":"standard","meta":{"site-sidebar-layout":"default","site-content-layout":"","ast-site-content-layout":"default","site-content-style":"default","site-sidebar-style":"default","ast-global-header-display":"","ast-banner-title-visibility":"","ast-main-header-display":"","ast-hfb-above-header-display":"","ast-hfb-below-header-display":"","ast-hfb-mobile-header-display":"","site-post-title":"","ast-breadcrumbs-content":"","ast-featured-img":"","footer-sml-layout":"","ast-disable-related-posts":"","theme-transparent-header-meta":"","adv-header-id-meta":"","stick-header-meta":"","header-above-stick-meta":"","header-main-stick-meta":"","header-below-stick-meta":"","astra-migrate-meta-layouts":"default","ast-page-background-enabled":"default","ast-page-background-meta":{"desktop":{"background-color":"var(--ast-global-color-5)","background-image":"","background-repeat":"repeat","background-position":"center center","background-size":"auto","background-attachment":"scroll","background-type":"","background-media":"","overlay-type":"","overlay-color":"","overlay-opacity":"","overlay-gradient":""},"tablet":{"background-color":"","background-image":"","background-repeat":"repeat","background-position":"center center","background-size":"auto","background-attachment":"scroll","background-type":"","background-media":"","overlay-type":"","overlay-color":"","overlay-opacity":"","overlay-gradient":""},"mobile":{"background-color":"","background-image":"","background-repeat":"repeat","background-position":"center center","background-size":"auto","background-attachment":"scroll","background-type":"","background-media":"","overlay-type":"","overlay-color":"","overlay-opacity":"","overlay-gradient":""}},"ast-content-background-meta":{"desktop":{"background-color":"var(--ast-global-color-4)","background-image":"","background-repeat":"repeat","background-position":"center center","background-size":"auto","background-attachment":"scroll","background-type":"","background-media":"","overlay-type":"","overlay-color":"","overlay-opacity":"","overlay-gradient":""},"tablet":{"background-color":"var(--ast-global-color-4)","background-image":"","background-repeat":"repeat","background-position":"center center","background-size":"auto","background-attachment":"scroll","background-type":"","background-media":"","overlay-type":"","overlay-color":"","overlay-opacity":"","overlay-gradient":""},"mobile":{"background-color":"var(--ast-global-color-4)","background-image":"","background-repeat":"repeat","background-position":"center center","background-size":"auto","background-attachment":"scroll","background-type":"","background-media":"","overlay-type":"","overlay-color":"","overlay-opacity":"","overlay-gradient":""}},"footnotes":""},"categories":[470,15],"tags":[],"countries":[254,1375,270],"order-category":[181,1266,161],"class_list":["post-7913","post","type-post","status-publish","format-standard","has-post-thumbnail","hentry","category-carroneros","category-fitofagos-herbivoros","countries-europa","countries-europa-finlandia-es","countries-suecia","order-category-insectos-moscas","order-category-insectos-moscas-moscas-de-los-desvanes","order-category-insectos"],"_links":{"self":[{"href":"https:\/\/pawel.stefanoff.pl\/bugs\/wp-json\/wp\/v2\/posts\/7913","targetHints":{"allow":["GET"]}}],"collection":[{"href":"https:\/\/pawel.stefanoff.pl\/bugs\/wp-json\/wp\/v2\/posts"}],"about":[{"href":"https:\/\/pawel.stefanoff.pl\/bugs\/wp-json\/wp\/v2\/types\/post"}],"author":[{"embeddable":true,"href":"https:\/\/pawel.stefanoff.pl\/bugs\/wp-json\/wp\/v2\/users\/2"}],"replies":[{"embeddable":true,"href":"https:\/\/pawel.stefanoff.pl\/bugs\/wp-json\/wp\/v2\/comments?post=7913"}],"version-history":[{"count":1,"href":"https:\/\/pawel.stefanoff.pl\/bugs\/wp-json\/wp\/v2\/posts\/7913\/revisions"}],"predecessor-version":[{"id":7923,"href":"https:\/\/pawel.stefanoff.pl\/bugs\/wp-json\/wp\/v2\/posts\/7913\/revisions\/7923"}],"wp:featuredmedia":[{"embeddable":true,"href":"https:\/\/pawel.stefanoff.pl\/bugs\/wp-json\/wp\/v2\/media\/7899"}],"wp:attachment":[{"href":"https:\/\/pawel.stefanoff.pl\/bugs\/wp-json\/wp\/v2\/media?parent=7913"}],"wp:term":[{"taxonomy":"category","embeddable":true,"href":"https:\/\/pawel.stefanoff.pl\/bugs\/wp-json\/wp\/v2\/categories?post=7913"},{"taxonomy":"post_tag","embeddable":true,"href":"https:\/\/pawel.stefanoff.pl\/bugs\/wp-json\/wp\/v2\/tags?post=7913"},{"taxonomy":"countries","embeddable":true,"href":"https:\/\/pawel.stefanoff.pl\/bugs\/wp-json\/wp\/v2\/countries?post=7913"},{"taxonomy":"order-category","embeddable":true,"href":"https:\/\/pawel.stefanoff.pl\/bugs\/wp-json\/wp\/v2\/order-category?post=7913"}],"curies":[{"name":"wp","href":"https:\/\/api.w.org\/{rel}","templated":true}]}}