{"id":8748,"date":"2026-07-31T20:30:45","date_gmt":"2026-07-31T20:30:45","guid":{"rendered":"https:\/\/pawel.stefanoff.pl\/bugs\/?p=8748"},"modified":"2026-08-15T07:51:23","modified_gmt":"2026-08-15T07:51:23","slug":"2026-08-meeting-enicospilus-ramidulus-in-barkarby-pl","status":"publish","type":"post","link":"https:\/\/pawel.stefanoff.pl\/bugs\/pl\/posts\/2026-08-meeting-enicospilus-ramidulus-in-barkarby-pl\/","title":{"rendered":"Ksi\u0119\u017cycowi my\u015bliwi i sierpowate odw\u0142oki: Enicospilus ramidulus z bliska"},"content":{"rendered":"\n<p class=\"wp-block-paragraph\">Bary\u0142ek d\u0142ugow\u0105sy (<em>Enicospilus ramidulus<\/em>) to du\u017cy, mierz\u0105cy 3\u20134 cm, nocny g\u0105sienicznik opisany po raz pierwszy przez Karola Linneusza w jego prze\u0142omowym dziele z 1758 roku. Nale\u017cy do rodziny g\u0105sienicznikowatych (<em>Ichneumonidae<\/em>) i wyr\u00f3\u017cnia si\u0119 rdzawo-pomara\u0144czowym ubarwieniem oraz w\u0105skim, bocznie sp\u0142aszczonym odw\u0142okiem, kt\u00f3ry wygina si\u0119 niczym ostre ostrze sierpa. Prowadzi \u015bci\u015ble nocny lub zmierzchowy tryb \u017cycia, wykorzystuj\u0105c du\u017ce oczy przystosowane do s\u0142abego \u015bwiat\u0142a ksi\u0119\u017cyca. Samice sk\u0142adaj\u0105 jaja wewn\u0105trz larw motyli, pe\u0142ni\u0105c rol\u0119 naturalnych sprzymierze\u0144c\u00f3w w kontrolowaniu populacji szkodnik\u00f3w. Mimo imponuj\u0105cych rozmiar\u00f3w i przynale\u017cno\u015bci do os\u00f3wek, owad ten nie posiada \u017c\u0105d\u0142a obronnego i jest ca\u0142kowicie bezbronny wobec ludzi. Gdy zobaczy\u0142em go wy\u0142aniaj\u0105cego si\u0119 z ciemnej korony drzew podczas wieczornego spaceru w pobli\u017cu mojego domu w szwedzkim Barkarby, pocz\u0105tkowo pomyli\u0142em go z pomara\u0144czow\u0105 koziu\u0142k\u0105. Po cierpliwym pod\u0105\u017caniu za jego chaotycznym lotem wreszcie dostrzeg\u0142em jego hipnotyzuj\u0105ce oczy i niesamowity, sierpowaty kszta\u0142t odw\u0142oka.<\/p>\n","protected":false},"excerpt":{"rendered":"<p>Bary\u0142ek d\u0142ugow\u0105sy (Enicospilus ramidulus) to du\u017cy, mierz\u0105cy 3\u20134 cm, nocny g\u0105sienicznik opisany po raz pierwszy przez Karola Linneusza w jego [&hellip;]<\/p>\n","protected":false},"author":2,"featured_media":8740,"comment_status":"open","ping_status":"open","sticky":false,"template":"","format":"standard","meta":{"site-sidebar-layout":"default","site-content-layout":"","ast-site-content-layout":"default","site-content-style":"default","site-sidebar-style":"default","ast-global-header-display":"","ast-banner-title-visibility":"","ast-main-header-display":"","ast-hfb-above-header-display":"","ast-hfb-below-header-display":"","ast-hfb-mobile-header-display":"","site-post-title":"","ast-breadcrumbs-content":"","ast-featured-img":"","footer-sml-layout":"","ast-disable-related-posts":"","theme-transparent-header-meta":"","adv-header-id-meta":"","stick-header-meta":"","header-above-stick-meta":"","header-main-stick-meta":"","header-below-stick-meta":"","astra-migrate-meta-layouts":"default","ast-page-background-enabled":"default","ast-page-background-meta":{"desktop":{"background-color":"var(--ast-global-color-5)","background-image":"","background-repeat":"repeat","background-position":"center center","background-size":"auto","background-attachment":"scroll","background-type":"","background-media":"","overlay-type":"","overlay-color":"","overlay-opacity":"","overlay-gradient":""},"tablet":{"background-color":"","background-image":"","background-repeat":"repeat","background-position":"center center","background-size":"auto","background-attachment":"scroll","background-type":"","background-media":"","overlay-type":"","overlay-color":"","overlay-opacity":"","overlay-gradient":""},"mobile":{"background-color":"","background-image":"","background-repeat":"repeat","background-position":"center center","background-size":"auto","background-attachment":"scroll","background-type":"","background-media":"","overlay-type":"","overlay-color":"","overlay-opacity":"","overlay-gradient":""}},"ast-content-background-meta":{"desktop":{"background-color":"var(--ast-global-color-4)","background-image":"","background-repeat":"repeat","background-position":"center center","background-size":"auto","background-attachment":"scroll","background-type":"","background-media":"","overlay-type":"","overlay-color":"","overlay-opacity":"","overlay-gradient":""},"tablet":{"background-color":"var(--ast-global-color-4)","background-image":"","background-repeat":"repeat","background-position":"center center","background-size":"auto","background-attachment":"scroll","background-type":"","background-media":"","overlay-type":"","overlay-color":"","overlay-opacity":"","overlay-gradient":""},"mobile":{"background-color":"var(--ast-global-color-4)","background-image":"","background-repeat":"repeat","background-position":"center center","background-size":"auto","background-attachment":"scroll","background-type":"","background-media":"","overlay-type":"","overlay-color":"","overlay-opacity":"","overlay-gradient":""}},"footnotes":""},"categories":[437,416,96],"tags":[],"countries":[252,268],"order-category":[422,441,159],"class_list":["post-8748","post","type-post","status-publish","format-standard","has-post-thumbnail","hentry","category-parazytoidy","category-wszystkozercy","category-zapylacze","countries-europe-pl","countries-szwecja","order-category-owady-blonkoskrzydle","order-category-owady-blonkoskrzydle-gasienicznikowate","order-category-owady"],"_links":{"self":[{"href":"https:\/\/pawel.stefanoff.pl\/bugs\/wp-json\/wp\/v2\/posts\/8748","targetHints":{"allow":["GET"]}}],"collection":[{"href":"https:\/\/pawel.stefanoff.pl\/bugs\/wp-json\/wp\/v2\/posts"}],"about":[{"href":"https:\/\/pawel.stefanoff.pl\/bugs\/wp-json\/wp\/v2\/types\/post"}],"author":[{"embeddable":true,"href":"https:\/\/pawel.stefanoff.pl\/bugs\/wp-json\/wp\/v2\/users\/2"}],"replies":[{"embeddable":true,"href":"https:\/\/pawel.stefanoff.pl\/bugs\/wp-json\/wp\/v2\/comments?post=8748"}],"version-history":[{"count":1,"href":"https:\/\/pawel.stefanoff.pl\/bugs\/wp-json\/wp\/v2\/posts\/8748\/revisions"}],"predecessor-version":[{"id":8756,"href":"https:\/\/pawel.stefanoff.pl\/bugs\/wp-json\/wp\/v2\/posts\/8748\/revisions\/8756"}],"wp:featuredmedia":[{"embeddable":true,"href":"https:\/\/pawel.stefanoff.pl\/bugs\/wp-json\/wp\/v2\/media\/8740"}],"wp:attachment":[{"href":"https:\/\/pawel.stefanoff.pl\/bugs\/wp-json\/wp\/v2\/media?parent=8748"}],"wp:term":[{"taxonomy":"category","embeddable":true,"href":"https:\/\/pawel.stefanoff.pl\/bugs\/wp-json\/wp\/v2\/categories?post=8748"},{"taxonomy":"post_tag","embeddable":true,"href":"https:\/\/pawel.stefanoff.pl\/bugs\/wp-json\/wp\/v2\/tags?post=8748"},{"taxonomy":"countries","embeddable":true,"href":"https:\/\/pawel.stefanoff.pl\/bugs\/wp-json\/wp\/v2\/countries?post=8748"},{"taxonomy":"order-category","embeddable":true,"href":"https:\/\/pawel.stefanoff.pl\/bugs\/wp-json\/wp\/v2\/order-category?post=8748"}],"curies":[{"name":"wp","href":"https:\/\/api.w.org\/{rel}","templated":true}]}}