{"id":9391,"date":"2026-08-07T19:50:57","date_gmt":"2026-08-07T19:50:57","guid":{"rendered":"https:\/\/pawel.stefanoff.pl\/bugs\/?p=9391"},"modified":"2026-08-16T12:26:24","modified_gmt":"2026-08-16T12:26:24","slug":"2026-08-meeting-the-twin-mark-comb-horn-in-barkarby-pl","status":"publish","type":"post","link":"https:\/\/pawel.stefanoff.pl\/bugs\/pl\/posts\/2026-08-meeting-the-twin-mark-comb-horn-in-barkarby-pl\/","title":{"rendered":"Stra\u017cnicy starego lasu: Spotkanie z dwugrzebk\u0105 pon\u0119tn\u0105\u00a0"},"content":{"rendered":"\n<p class=\"wp-block-paragraph\">Dwugrzebka pon\u0119tna (Dictenidia bimaculata) to efektowny gatunek much\u00f3wki z rodziny koziu\u0142kowatych, wyr\u00f3\u017cniaj\u0105cy si\u0119 b\u0142yszcz\u0105cym, czarno-pomara\u0144czowym cia\u0142em, skrzyd\u0142ami z dwiema wyra\u017anymi ciemnymi plamkami oraz \u2013 u samc\u00f3w \u2013 grzebieniastymi czu\u0142kami. Wyst\u0119puje w ca\u0142ej Palearktyce; owady te s\u0105 ca\u0142kowicie niegro\u017ane dla ludzi, a ich bytowanie jest \u015bci\u015ble zwi\u0105zane ze starymi lasami. Samce wykorzystuj\u0105 swoje rozbudowane, przypominaj\u0105ce pi\u00f3ra czu\u0142ki do wychwytywania feromon\u00f3w samic z powietrza. Na ka\u017cdym skrzydle widniej\u0105 dwie ciemnobr\u0105zowe plamy: jedna w okolicach znamionka skrzyd\u0142owego i druga, mniejsza, przy samym wierzcho\u0142ku. Samce maj\u0105 ca\u0142kowicie czarne odw\u0142oki, podczas gdy samice zdobi\u0105 jaskrawo pomara\u0144czowe wzory po bokach, co pozwala im imitowa\u0107 \u017c\u0105dl\u0105ce b\u0142onk\u00f3wki i odstrasza\u0107 drapie\u017cniki. Ich g\u0105sienicowate larwy s\u0105 ksylobiontami \u2013 \u017cyj\u0105 wewn\u0105trz obumieraj\u0105cego drewna, pni i rozk\u0142adaj\u0105cych si\u0119 k\u0142\u00f3d. Poniewa\u017c do pe\u0142nego cyklu rozwojowego potrzebuj\u0105 martwego drewna, ich obecno\u015b\u0107 \u015bwiadczy zazwyczaj o dobrym stanie ekologicznym lasu. Gdy siedzia\u0142em na \u0142\u0105ce w niewielkim laseczku blisko mojego domu w Barkarby w Szwecji, niezdarnie przelecia\u0142a obok mnie \u015bredniej wielko\u015bci samica i usiad\u0142a tu\u017c przede mn\u0105. Zupe\u0142nie si\u0119 nie ba\u0142a, a przez moment przespacerowa\u0142a si\u0119 nawet po mojej d\u0142oni.<\/p>\n","protected":false},"excerpt":{"rendered":"<p>Dwugrzebka pon\u0119tna (Dictenidia bimaculata) to efektowny gatunek much\u00f3wki z rodziny koziu\u0142kowatych, wyr\u00f3\u017cniaj\u0105cy si\u0119 b\u0142yszcz\u0105cym, czarno-pomara\u0144czowym cia\u0142em, skrzyd\u0142ami z dwiema wyra\u017anymi [&hellip;]<\/p>\n","protected":false},"author":2,"featured_media":9384,"comment_status":"open","ping_status":"open","sticky":false,"template":"","format":"standard","meta":{"site-sidebar-layout":"default","site-content-layout":"","ast-site-content-layout":"default","site-content-style":"default","site-sidebar-style":"default","ast-global-header-display":"","ast-banner-title-visibility":"","ast-main-header-display":"","ast-hfb-above-header-display":"","ast-hfb-below-header-display":"","ast-hfb-mobile-header-display":"","site-post-title":"","ast-breadcrumbs-content":"","ast-featured-img":"","footer-sml-layout":"","ast-disable-related-posts":"","theme-transparent-header-meta":"","adv-header-id-meta":"","stick-header-meta":"","header-above-stick-meta":"","header-main-stick-meta":"","header-below-stick-meta":"","astra-migrate-meta-layouts":"default","ast-page-background-enabled":"default","ast-page-background-meta":{"desktop":{"background-color":"var(--ast-global-color-5)","background-image":"","background-repeat":"repeat","background-position":"center center","background-size":"auto","background-attachment":"scroll","background-type":"","background-media":"","overlay-type":"","overlay-color":"","overlay-opacity":"","overlay-gradient":""},"tablet":{"background-color":"","background-image":"","background-repeat":"repeat","background-position":"center center","background-size":"auto","background-attachment":"scroll","background-type":"","background-media":"","overlay-type":"","overlay-color":"","overlay-opacity":"","overlay-gradient":""},"mobile":{"background-color":"","background-image":"","background-repeat":"repeat","background-position":"center center","background-size":"auto","background-attachment":"scroll","background-type":"","background-media":"","overlay-type":"","overlay-color":"","overlay-opacity":"","overlay-gradient":""}},"ast-content-background-meta":{"desktop":{"background-color":"var(--ast-global-color-4)","background-image":"","background-repeat":"repeat","background-position":"center center","background-size":"auto","background-attachment":"scroll","background-type":"","background-media":"","overlay-type":"","overlay-color":"","overlay-opacity":"","overlay-gradient":""},"tablet":{"background-color":"var(--ast-global-color-4)","background-image":"","background-repeat":"repeat","background-position":"center center","background-size":"auto","background-attachment":"scroll","background-type":"","background-media":"","overlay-type":"","overlay-color":"","overlay-opacity":"","overlay-gradient":""},"mobile":{"background-color":"var(--ast-global-color-4)","background-image":"","background-repeat":"repeat","background-position":"center center","background-size":"auto","background-attachment":"scroll","background-type":"","background-media":"","overlay-type":"","overlay-color":"","overlay-opacity":"","overlay-gradient":""}},"footnotes":""},"categories":[10],"tags":[],"countries":[252,268],"order-category":[179,503,159],"class_list":["post-9391","post","type-post","status-publish","format-standard","has-post-thumbnail","hentry","category-fitofagi-roslinozercy","countries-europe-pl","countries-szwecja","order-category-owady-dwuskrzydle","order-category-owady-dwuskrzydle-koziulkowate","order-category-owady"],"_links":{"self":[{"href":"https:\/\/pawel.stefanoff.pl\/bugs\/wp-json\/wp\/v2\/posts\/9391","targetHints":{"allow":["GET"]}}],"collection":[{"href":"https:\/\/pawel.stefanoff.pl\/bugs\/wp-json\/wp\/v2\/posts"}],"about":[{"href":"https:\/\/pawel.stefanoff.pl\/bugs\/wp-json\/wp\/v2\/types\/post"}],"author":[{"embeddable":true,"href":"https:\/\/pawel.stefanoff.pl\/bugs\/wp-json\/wp\/v2\/users\/2"}],"replies":[{"embeddable":true,"href":"https:\/\/pawel.stefanoff.pl\/bugs\/wp-json\/wp\/v2\/comments?post=9391"}],"version-history":[{"count":1,"href":"https:\/\/pawel.stefanoff.pl\/bugs\/wp-json\/wp\/v2\/posts\/9391\/revisions"}],"predecessor-version":[{"id":9398,"href":"https:\/\/pawel.stefanoff.pl\/bugs\/wp-json\/wp\/v2\/posts\/9391\/revisions\/9398"}],"wp:featuredmedia":[{"embeddable":true,"href":"https:\/\/pawel.stefanoff.pl\/bugs\/wp-json\/wp\/v2\/media\/9384"}],"wp:attachment":[{"href":"https:\/\/pawel.stefanoff.pl\/bugs\/wp-json\/wp\/v2\/media?parent=9391"}],"wp:term":[{"taxonomy":"category","embeddable":true,"href":"https:\/\/pawel.stefanoff.pl\/bugs\/wp-json\/wp\/v2\/categories?post=9391"},{"taxonomy":"post_tag","embeddable":true,"href":"https:\/\/pawel.stefanoff.pl\/bugs\/wp-json\/wp\/v2\/tags?post=9391"},{"taxonomy":"countries","embeddable":true,"href":"https:\/\/pawel.stefanoff.pl\/bugs\/wp-json\/wp\/v2\/countries?post=9391"},{"taxonomy":"order-category","embeddable":true,"href":"https:\/\/pawel.stefanoff.pl\/bugs\/wp-json\/wp\/v2\/order-category?post=9391"}],"curies":[{"name":"wp","href":"https:\/\/api.w.org\/{rel}","templated":true}]}}