{"id":9610,"date":"2026-08-09T15:30:20","date_gmt":"2026-08-09T15:30:20","guid":{"rendered":"https:\/\/pawel.stefanoff.pl\/bugs\/?p=9610"},"modified":"2026-08-16T16:26:11","modified_gmt":"2026-08-16T16:26:11","slug":"2026-08-common-blue-butterflies-near-akalla-pl","status":"publish","type":"post","link":"https:\/\/pawel.stefanoff.pl\/bugs\/pl\/posts\/2026-08-common-blue-butterflies-near-akalla-pl\/","title":{"rendered":"B\u0142\u0119kitne fale nad \u0142\u0105kami: Fotografowanie modraszek w pobli\u017cu Akalla"},"content":{"rendered":"\n<p class=\"wp-block-paragraph\">Modraszek ikar (<em>Polyommatus icarus<\/em>) to niewielki, powszechnie wyst\u0119puj\u0105cy motyl o rozpi\u0119to\u015bci skrzyde\u0142 28\u201336 mm, zamieszkuj\u0105cy Europ\u0119, Azj\u0119 i Afryk\u0119 P\u00f3\u0142nocn\u0105. Samce zachwycaj\u0105 jaskrawym, opalizuj\u0105cym, liliowo-niebieskim wierzchem skrzyde\u0142 z cienk\u0105, czarn\u0105 obw\u00f3dk\u0105. Samice s\u0105 z regu\u0142y brunatne, cho\u0107 w zale\u017cno\u015bci od regionu mog\u0105 mie\u0107 wyra\u017any niebieski nalot lub by\u0107 niemal ca\u0142kowicie b\u0142\u0119kitne. Ich cykl \u017cyciowy wi\u0105\u017ce si\u0119 z niezwyk\u0142\u0105 wsp\u00f3\u0142prac\u0105: przypominaj\u0105ce \u015blimaki, jasnozielone g\u0105sienice \u017cyj\u0105 w symbiozie z mr\u00f3wkami, kt\u00f3re chroni\u0105 je w zamian za s\u0142odkie wydzieliny. G\u0105sienice, \u017cywi\u0105ce si\u0119 g\u0142\u00f3wnie ro\u015blinami motylkowatymi, takimi jak komonica zwyczajna i koniczyna bia\u0142a, stanowi\u0105 r\u00f3wnie\u017c stadium zimuj\u0105ce w ch\u0142odniejszym klimacie. Podczas s\u0142onecznego, popo\u0142udniowego spaceru na obrze\u017cach szwedzkiej Akalli trafi\u0142em na setki tych ma\u0142ych motyli. Wymaga\u0142o to jednak sporej cierpliwo\u015bci, zanim kilka cierpliwych samc\u00f3w pozwoli\u0142o mi podej\u015b\u0107 na odleg\u0142o\u015b\u0107 obiektywu.<\/p>\n","protected":false},"excerpt":{"rendered":"<p>Modraszek ikar (Polyommatus icarus) to niewielki, powszechnie wyst\u0119puj\u0105cy motyl o rozpi\u0119to\u015bci skrzyde\u0142 28\u201336 mm, zamieszkuj\u0105cy Europ\u0119, Azj\u0119 i Afryk\u0119 P\u00f3\u0142nocn\u0105. [&hellip;]<\/p>\n","protected":false},"author":2,"featured_media":9604,"comment_status":"open","ping_status":"open","sticky":false,"template":"","format":"standard","meta":{"site-sidebar-layout":"default","site-content-layout":"","ast-site-content-layout":"default","site-content-style":"default","site-sidebar-style":"default","ast-global-header-display":"","ast-banner-title-visibility":"","ast-main-header-display":"","ast-hfb-above-header-display":"","ast-hfb-below-header-display":"","ast-hfb-mobile-header-display":"","site-post-title":"","ast-breadcrumbs-content":"","ast-featured-img":"","footer-sml-layout":"","ast-disable-related-posts":"","theme-transparent-header-meta":"","adv-header-id-meta":"","stick-header-meta":"","header-above-stick-meta":"","header-main-stick-meta":"","header-below-stick-meta":"","astra-migrate-meta-layouts":"default","ast-page-background-enabled":"default","ast-page-background-meta":{"desktop":{"background-color":"var(--ast-global-color-5)","background-image":"","background-repeat":"repeat","background-position":"center center","background-size":"auto","background-attachment":"scroll","background-type":"","background-media":"","overlay-type":"","overlay-color":"","overlay-opacity":"","overlay-gradient":""},"tablet":{"background-color":"","background-image":"","background-repeat":"repeat","background-position":"center center","background-size":"auto","background-attachment":"scroll","background-type":"","background-media":"","overlay-type":"","overlay-color":"","overlay-opacity":"","overlay-gradient":""},"mobile":{"background-color":"","background-image":"","background-repeat":"repeat","background-position":"center center","background-size":"auto","background-attachment":"scroll","background-type":"","background-media":"","overlay-type":"","overlay-color":"","overlay-opacity":"","overlay-gradient":""}},"ast-content-background-meta":{"desktop":{"background-color":"var(--ast-global-color-4)","background-image":"","background-repeat":"repeat","background-position":"center center","background-size":"auto","background-attachment":"scroll","background-type":"","background-media":"","overlay-type":"","overlay-color":"","overlay-opacity":"","overlay-gradient":""},"tablet":{"background-color":"var(--ast-global-color-4)","background-image":"","background-repeat":"repeat","background-position":"center center","background-size":"auto","background-attachment":"scroll","background-type":"","background-media":"","overlay-type":"","overlay-color":"","overlay-opacity":"","overlay-gradient":""},"mobile":{"background-color":"var(--ast-global-color-4)","background-image":"","background-repeat":"repeat","background-position":"center center","background-size":"auto","background-attachment":"scroll","background-type":"","background-media":"","overlay-type":"","overlay-color":"","overlay-opacity":"","overlay-gradient":""}},"footnotes":""},"categories":[10,92],"tags":[],"countries":[252,268],"order-category":[1294,359,159],"class_list":["post-9610","post","type-post","status-publish","format-standard","has-post-thumbnail","hentry","category-fitofagi-roslinozercy","category-mimikra","countries-europe-pl","countries-szwecja","order-category-owady-motyle-modraszkowate","order-category-owady-motyle","order-category-owady"],"_links":{"self":[{"href":"https:\/\/pawel.stefanoff.pl\/bugs\/wp-json\/wp\/v2\/posts\/9610","targetHints":{"allow":["GET"]}}],"collection":[{"href":"https:\/\/pawel.stefanoff.pl\/bugs\/wp-json\/wp\/v2\/posts"}],"about":[{"href":"https:\/\/pawel.stefanoff.pl\/bugs\/wp-json\/wp\/v2\/types\/post"}],"author":[{"embeddable":true,"href":"https:\/\/pawel.stefanoff.pl\/bugs\/wp-json\/wp\/v2\/users\/2"}],"replies":[{"embeddable":true,"href":"https:\/\/pawel.stefanoff.pl\/bugs\/wp-json\/wp\/v2\/comments?post=9610"}],"version-history":[{"count":1,"href":"https:\/\/pawel.stefanoff.pl\/bugs\/wp-json\/wp\/v2\/posts\/9610\/revisions"}],"predecessor-version":[{"id":9616,"href":"https:\/\/pawel.stefanoff.pl\/bugs\/wp-json\/wp\/v2\/posts\/9610\/revisions\/9616"}],"wp:featuredmedia":[{"embeddable":true,"href":"https:\/\/pawel.stefanoff.pl\/bugs\/wp-json\/wp\/v2\/media\/9604"}],"wp:attachment":[{"href":"https:\/\/pawel.stefanoff.pl\/bugs\/wp-json\/wp\/v2\/media?parent=9610"}],"wp:term":[{"taxonomy":"category","embeddable":true,"href":"https:\/\/pawel.stefanoff.pl\/bugs\/wp-json\/wp\/v2\/categories?post=9610"},{"taxonomy":"post_tag","embeddable":true,"href":"https:\/\/pawel.stefanoff.pl\/bugs\/wp-json\/wp\/v2\/tags?post=9610"},{"taxonomy":"countries","embeddable":true,"href":"https:\/\/pawel.stefanoff.pl\/bugs\/wp-json\/wp\/v2\/countries?post=9610"},{"taxonomy":"order-category","embeddable":true,"href":"https:\/\/pawel.stefanoff.pl\/bugs\/wp-json\/wp\/v2\/order-category?post=9610"}],"curies":[{"name":"wp","href":"https:\/\/api.w.org\/{rel}","templated":true}]}}